{"id":10863,"date":"2023-06-09T18:11:19","date_gmt":"2023-06-09T18:11:19","guid":{"rendered":"https:\/\/peopaygo.com\/?p=10863"},"modified":"2024-01-09T16:38:49","modified_gmt":"2024-01-09T16:38:49","slug":"how-to-communicate-effectively-with-injured-workers","status":"publish","type":"post","link":"https:\/\/peopaygo.com\/es\/2023\/06\/09\/how-to-communicate-effectively-with-injured-workers\/","title":{"rendered":"C\u00f3mo comunicarse eficazmente con los trabajadores lesionados"},"content":{"rendered":"<div data-elementor-type=\"wp-post\" data-elementor-id=\"10863\" class=\"elementor elementor-10863\" data-elementor-post-type=\"post\">\n\t\t\t\t\t\t<section class=\"elementor-section elementor-top-section elementor-element elementor-element-5829325 elementor-section-boxed elementor-section-height-default elementor-section-height-default\" data-id=\"5829325\" data-element_type=\"section\" data-e-type=\"section\">\n\t\t\t\t\t\t<div class=\"elementor-container elementor-column-gap-default\">\n\t\t\t\t\t<div class=\"elementor-column elementor-col-100 elementor-top-column elementor-element elementor-element-cfe2bf8\" data-id=\"cfe2bf8\" data-element_type=\"column\" data-e-type=\"column\">\n\t\t\t<div class=\"elementor-widget-wrap elementor-element-populated\">\n\t\t\t\t\t\t<div class=\"elementor-element elementor-element-052dc3a elementor-widget elementor-widget-text-editor\" data-id=\"052dc3a\" data-element_type=\"widget\" data-e-type=\"widget\" data-widget_type=\"text-editor.default\">\n\t\t\t\t<div class=\"elementor-widget-container\">\n\t\t\t\t\t\t\t\t\t<p><b>C\u00f3mo comunicarse eficazmente con los trabajadores lesionados<\/b><\/p><p><br \/><br \/><\/p><h2><strong>Consejos para los empresarios\u00a0<\/strong><\/h2><p><br \/><br \/><\/p><p><span style=\"font-weight: 400;\">La comunicaci\u00f3n eficaz es crucial cuando se interact\u00faa con trabajadores lesionados en el \u00e1mbito de la indemnizaci\u00f3n por accidente laboral.\u00a0<\/span><\/p><p><br \/><br \/><\/p><p><span style=\"font-weight: 400;\">Sirve de piedra angular para proporcionar apoyo esencial, abordar las preocupaciones y garantizar un proceso de recuperaci\u00f3n sin contratiempos.\u00a0<\/span><\/p><p><br \/><br \/><\/p><p><span style=\"font-weight: 400;\">En este blog, profundizaremos en la importancia de una comunicaci\u00f3n eficaz en el contexto de los trabajadores lesionados.\u00a0<\/span><\/p><p><br \/><br \/><\/p><p><span style=\"font-weight: 400;\">Explorando temas como la empat\u00eda, la escucha activa, la comunicaci\u00f3n adaptada, las actualizaciones peri\u00f3dicas, la colaboraci\u00f3n con los profesionales sanitarios y la superaci\u00f3n de retos, destacaremos el impacto positivo que tiene en el bienestar de los trabajadores lesionados.\u00a0<\/span><\/p><p><br \/><br \/><\/p><p><span style=\"font-weight: 400;\">Mediante la adopci\u00f3n de estrategias de comunicaci\u00f3n eficaces, los empresarios y los profesionales pueden fomentar un entorno de apoyo y empat\u00eda que facilite el \u00e9xito de la recuperaci\u00f3n y la reincorporaci\u00f3n al trabajo del trabajador lesionado.<\/span><\/p>\t\t\t\t\t\t\t\t<\/div>\n\t\t\t\t<\/div>\n\t\t\t\t\t<\/div>\n\t\t<\/div>\n\t\t\t\t\t<\/div>\n\t\t<\/section>\n\t\t\t\t<section class=\"elementor-section elementor-top-section elementor-element elementor-element-58a4678 elementor-section-boxed elementor-section-height-default elementor-section-height-default\" data-id=\"58a4678\" data-element_type=\"section\" data-e-type=\"section\">\n\t\t\t\t\t\t<div class=\"elementor-container elementor-column-gap-default\">\n\t\t\t\t\t<div class=\"elementor-column elementor-col-100 elementor-top-column elementor-element elementor-element-e9c73cb\" data-id=\"e9c73cb\" data-element_type=\"column\" data-e-type=\"column\">\n\t\t\t<div class=\"elementor-widget-wrap elementor-element-populated\">\n\t\t\t\t\t\t<div class=\"elementor-element elementor-element-95a15fa elementor-widget elementor-widget-spacer\" data-id=\"95a15fa\" data-element_type=\"widget\" data-e-type=\"widget\" data-widget_type=\"spacer.default\">\n\t\t\t\t<div class=\"elementor-widget-container\">\n\t\t\t\t\t\t\t<div class=\"elementor-spacer\">\n\t\t\t<div class=\"elementor-spacer-inner\"><\/div>\n\t\t<\/div>\n\t\t\t\t\t\t<\/div>\n\t\t\t\t<\/div>\n\t\t\t\t<div class=\"elementor-element elementor-element-78dcf90 elementor-widget elementor-widget-heading\" data-id=\"78dcf90\" data-element_type=\"widget\" data-e-type=\"widget\" data-widget_type=\"heading.default\">\n\t\t\t\t<div class=\"elementor-widget-container\">\n\t\t\t\t\t<h3 class=\"elementor-heading-title elementor-size-default\">Empat\u00eda y escucha activa<\/h3>\t\t\t\t<\/div>\n\t\t\t\t<\/div>\n\t\t\t\t<div class=\"elementor-element elementor-element-6fc431e elementor-widget elementor-widget-text-editor\" data-id=\"6fc431e\" data-element_type=\"widget\" data-e-type=\"widget\" data-widget_type=\"text-editor.default\">\n\t\t\t\t<div class=\"elementor-widget-container\">\n\t\t\t\t\t\t\t\t\t<p><span style=\"font-weight: 400;\">La empat\u00eda y la escucha activa constituyen la base de una comunicaci\u00f3n eficaz con los trabajadores lesionados.\u00a0<\/span><\/p><p><br \/><br \/><\/p><p><span style=\"font-weight: 400;\">Demostrando aut\u00e9ntica empat\u00eda y comprensi\u00f3n, mostramos compasi\u00f3n por su situaci\u00f3n. Practicar t\u00e9cnicas de escucha activa nos permite captar plenamente sus preocupaciones y necesidades, fomentando la sensaci\u00f3n de ser escuchados y valorados.\u00a0<\/span><\/p><p><br \/><br \/><\/p><p><span style=\"font-weight: 400;\">A trav\u00e9s de estos enfoques, creamos un entorno de apoyo y confianza en el que la comunicaci\u00f3n abierta puede prosperar, lo que nos permite proporcionar el apoyo necesario durante su viaje de recuperaci\u00f3n.<\/span><\/p>\t\t\t\t\t\t\t\t<\/div>\n\t\t\t\t<\/div>\n\t\t\t\t<div class=\"elementor-element elementor-element-125458a elementor-widget elementor-widget-spacer\" data-id=\"125458a\" data-element_type=\"widget\" data-e-type=\"widget\" data-widget_type=\"spacer.default\">\n\t\t\t\t<div class=\"elementor-widget-container\">\n\t\t\t\t\t\t\t<div class=\"elementor-spacer\">\n\t\t\t<div class=\"elementor-spacer-inner\"><\/div>\n\t\t<\/div>\n\t\t\t\t\t\t<\/div>\n\t\t\t\t<\/div>\n\t\t\t\t<div class=\"elementor-element elementor-element-d4cdceb elementor-widget elementor-widget-heading\" data-id=\"d4cdceb\" data-element_type=\"widget\" data-e-type=\"widget\" data-widget_type=\"heading.default\">\n\t\t\t\t<div class=\"elementor-widget-container\">\n\t\t\t\t\t<h3 class=\"elementor-heading-title elementor-size-default\">Informaci\u00f3n clara y transparente<\/h3>\t\t\t\t<\/div>\n\t\t\t\t<\/div>\n\t\t\t\t<div class=\"elementor-element elementor-element-01101c3 elementor-widget elementor-widget-text-editor\" data-id=\"01101c3\" data-element_type=\"widget\" data-e-type=\"widget\" data-widget_type=\"text-editor.default\">\n\t\t\t\t<div class=\"elementor-widget-container\">\n\t\t\t\t\t\t\t\t\t<p><span style=\"font-weight: 400;\">Una informaci\u00f3n clara y transparente es esencial a la hora de comunicarse con los trabajadores lesionados.\u00a0<\/span><\/p><p><br \/><br \/><\/p><p><span style=\"font-weight: 400;\">Se trata de proporcionarles detalles concisos y f\u00e1cilmente comprensibles sobre el proceso de indemnizaci\u00f3n de los trabajadores.\u00a0<\/span><\/p><p><br \/><br \/><\/p><p><span style=\"font-weight: 400;\">Esto incluye explicar sus derechos, prestaciones y recursos disponibles. Adem\u00e1s, ser transparente sobre las expectativas, los plazos y las posibles dificultades garantiza que el trabajador lesionado tenga una idea clara de lo que puede esperar a lo largo del proceso.\u00a0<\/span><\/p><p><br \/><br \/><\/p><p><span style=\"font-weight: 400;\">Al facilitar informaci\u00f3n de forma transparente, fomentamos la confianza, aliviamos la confusi\u00f3n y capacitamos al trabajador lesionado para tomar decisiones informadas en relaci\u00f3n con su recuperaci\u00f3n y su reclamaci\u00f3n.<\/span><\/p>\t\t\t\t\t\t\t\t<\/div>\n\t\t\t\t<\/div>\n\t\t\t\t\t<\/div>\n\t\t<\/div>\n\t\t\t\t\t<\/div>\n\t\t<\/section>\n\t\t\t\t<section class=\"elementor-section elementor-top-section elementor-element elementor-element-449fe14 elementor-section-boxed elementor-section-height-default elementor-section-height-default\" data-id=\"449fe14\" data-element_type=\"section\" data-e-type=\"section\">\n\t\t\t\t\t\t<div class=\"elementor-container elementor-column-gap-default\">\n\t\t\t\t\t<div class=\"elementor-column elementor-col-100 elementor-top-column elementor-element elementor-element-0927c6d\" data-id=\"0927c6d\" data-element_type=\"column\" data-e-type=\"column\">\n\t\t\t<div class=\"elementor-widget-wrap elementor-element-populated\">\n\t\t\t\t\t\t<div class=\"elementor-element elementor-element-3f1e6ee elementor-widget elementor-widget-spacer\" data-id=\"3f1e6ee\" data-element_type=\"widget\" data-e-type=\"widget\" data-widget_type=\"spacer.default\">\n\t\t\t\t<div class=\"elementor-widget-container\">\n\t\t\t\t\t\t\t<div class=\"elementor-spacer\">\n\t\t\t<div class=\"elementor-spacer-inner\"><\/div>\n\t\t<\/div>\n\t\t\t\t\t\t<\/div>\n\t\t\t\t<\/div>\n\t\t\t\t<div class=\"elementor-element elementor-element-ab0bb53 elementor-widget elementor-widget-heading\" data-id=\"ab0bb53\" data-element_type=\"widget\" data-e-type=\"widget\" data-widget_type=\"heading.default\">\n\t\t\t\t<div class=\"elementor-widget-container\">\n\t\t\t\t\t<h4 class=\"elementor-heading-title elementor-size-default\">Adaptar la comunicaci\u00f3n a las necesidades individuales<\/h4>\t\t\t\t<\/div>\n\t\t\t\t<\/div>\n\t\t\t\t<div class=\"elementor-element elementor-element-01e9312 elementor-widget elementor-widget-text-editor\" data-id=\"01e9312\" data-element_type=\"widget\" data-e-type=\"widget\" data-widget_type=\"text-editor.default\">\n\t\t\t\t<div class=\"elementor-widget-container\">\n\t\t\t\t\t\t\t\t\t<p><span style=\"font-weight: 400;\">Adaptar la comunicaci\u00f3n a las necesidades individuales de los trabajadores accidentados es vital para un compromiso eficaz. Implica reconocer y respetar sus preferencias \u00fanicas de comunicaci\u00f3n, ya sea por medios escritos, verbales o visuales.\u00a0<\/span><\/p><p><br \/><br \/><\/p><p><span style=\"font-weight: 400;\">Adem\u00e1s, adaptar los m\u00e9todos de comunicaci\u00f3n a las diferencias ling\u00fc\u00edsticas o culturales garantiza una interacci\u00f3n clara y significativa.\u00a0<\/span><\/p><p><br \/><br \/><\/p><p><span style=\"font-weight: 400;\">Tambi\u00e9n es esencial tener en cuenta las limitaciones f\u00edsicas o emocionales que puedan afectar a la comunicaci\u00f3n, como ofrecer formatos alternativos a las personas con deficiencias auditivas o conceder tiempo adicional a quienes experimenten angustia emocional.\u00a0<\/span><\/p><p><br \/><br \/><\/p><p><span style=\"font-weight: 400;\">Al personalizar nuestro enfoque, fomentamos la inclusi\u00f3n, la comprensi\u00f3n y un sentido de empoderamiento para el trabajador lesionado.<\/span><\/p>\t\t\t\t\t\t\t\t<\/div>\n\t\t\t\t<\/div>\n\t\t\t\t<div class=\"elementor-element elementor-element-78a049a elementor-widget elementor-widget-spacer\" data-id=\"78a049a\" data-element_type=\"widget\" data-e-type=\"widget\" data-widget_type=\"spacer.default\">\n\t\t\t\t<div class=\"elementor-widget-container\">\n\t\t\t\t\t\t\t<div class=\"elementor-spacer\">\n\t\t\t<div class=\"elementor-spacer-inner\"><\/div>\n\t\t<\/div>\n\t\t\t\t\t\t<\/div>\n\t\t\t\t<\/div>\n\t\t\t\t<div class=\"elementor-element elementor-element-4f5db86 elementor-widget elementor-widget-heading\" data-id=\"4f5db86\" data-element_type=\"widget\" data-e-type=\"widget\" data-widget_type=\"heading.default\">\n\t\t\t\t<div class=\"elementor-widget-container\">\n\t\t\t\t\t<h4 class=\"elementor-heading-title elementor-size-default\">Actualizaciones peri\u00f3dicas y puntuales<\/h4>\t\t\t\t<\/div>\n\t\t\t\t<\/div>\n\t\t\t\t<div class=\"elementor-element elementor-element-5cc430d elementor-widget elementor-widget-text-editor\" data-id=\"5cc430d\" data-element_type=\"widget\" data-e-type=\"widget\" data-widget_type=\"text-editor.default\">\n\t\t\t\t<div class=\"elementor-widget-container\">\n\t\t\t\t\t\t\t\t\t<p><span style=\"font-weight: 400;\">Las actualizaciones peri\u00f3dicas y puntuales son cruciales a la hora de comunicarse con los trabajadores lesionados.\u00a0<\/span><\/p><p><br \/><br \/><\/p><p><span style=\"font-weight: 400;\">Al mantenerles informados sobre el progreso de su reclamaci\u00f3n, les proporcionamos transparencia y aliviamos cualquier incertidumbre que puedan tener.\u00a0<\/span><\/p><p><br \/><br \/><\/p><p><span style=\"font-weight: 400;\">Es esencial proporcionarles informaci\u00f3n actualizada sobre el tratamiento m\u00e9dico, los hitos de la rehabilitaci\u00f3n y los planes de reincorporaci\u00f3n al trabajo, asegur\u00e1ndose de que son conscientes de su proceso de recuperaci\u00f3n.\u00a0<\/span><\/p><p><br \/><br \/><\/p><p><span style=\"font-weight: 400;\">Igualmente importante es responder con prontitud a cualquier consulta o preocupaci\u00f3n planteada por el trabajador lesionado, demostrando nuestro compromiso con su bienestar y fomentando la confianza en el proceso de comunicaci\u00f3n.\u00a0<\/span><\/p><p><br \/><br \/><\/p><p><span style=\"font-weight: 400;\">Mediante actualizaciones peri\u00f3dicas y puntuales, capacitamos a los trabajadores lesionados para que participen activamente en su recuperaci\u00f3n y mantengan una sensaci\u00f3n de control sobre su situaci\u00f3n.<\/span><\/p>\t\t\t\t\t\t\t\t<\/div>\n\t\t\t\t<\/div>\n\t\t\t\t\t<\/div>\n\t\t<\/div>\n\t\t\t\t\t<\/div>\n\t\t<\/section>\n\t\t\t\t<section class=\"elementor-section elementor-top-section elementor-element elementor-element-955dc35 elementor-section-boxed elementor-section-height-default elementor-section-height-default\" data-id=\"955dc35\" data-element_type=\"section\" data-e-type=\"section\">\n\t\t\t\t\t\t<div class=\"elementor-container elementor-column-gap-default\">\n\t\t\t\t\t<div class=\"elementor-column elementor-col-100 elementor-top-column elementor-element elementor-element-0f7716f\" data-id=\"0f7716f\" data-element_type=\"column\" data-e-type=\"column\">\n\t\t\t<div class=\"elementor-widget-wrap elementor-element-populated\">\n\t\t\t\t\t\t<div class=\"elementor-element elementor-element-ccf7c6a elementor-widget elementor-widget-spacer\" data-id=\"ccf7c6a\" data-element_type=\"widget\" data-e-type=\"widget\" data-widget_type=\"spacer.default\">\n\t\t\t\t<div class=\"elementor-widget-container\">\n\t\t\t\t\t\t\t<div class=\"elementor-spacer\">\n\t\t\t<div class=\"elementor-spacer-inner\"><\/div>\n\t\t<\/div>\n\t\t\t\t\t\t<\/div>\n\t\t\t\t<\/div>\n\t\t\t\t<div class=\"elementor-element elementor-element-469b830 elementor-widget elementor-widget-heading\" data-id=\"469b830\" data-element_type=\"widget\" data-e-type=\"widget\" data-widget_type=\"heading.default\">\n\t\t\t\t<div class=\"elementor-widget-container\">\n\t\t\t\t\t<div class=\"elementor-heading-title elementor-size-default\">Colaboraci\u00f3n con los profesionales sanitarios<\/div>\t\t\t\t<\/div>\n\t\t\t\t<\/div>\n\t\t\t\t<div class=\"elementor-element elementor-element-a3c0bc5 elementor-widget elementor-widget-text-editor\" data-id=\"a3c0bc5\" data-element_type=\"widget\" data-e-type=\"widget\" data-widget_type=\"text-editor.default\">\n\t\t\t\t<div class=\"elementor-widget-container\">\n\t\t\t\t\t\t\t\t\t<p><span style=\"font-weight: 400;\">La colaboraci\u00f3n con los profesionales sanitarios es esencial a la hora de comunicarse con los trabajadores accidentados.\u00a0<\/span><\/p><p><br \/><br \/><\/p><p><span style=\"font-weight: 400;\">Al mantener abiertas las l\u00edneas de comunicaci\u00f3n con los profesionales sanitarios implicados en su atenci\u00f3n, garantizamos un enfoque coordinado y hol\u00edstico para apoyar su recuperaci\u00f3n.\u00a0<\/span><\/p><p><br \/><br \/><\/p><p><span style=\"font-weight: 400;\">Compartir la informaci\u00f3n pertinente, como informes m\u00e9dicos y planes de tratamiento, nos permite aunar esfuerzos y ofrecer un apoyo coherente.\u00a0<\/span><\/p><p><br \/><br \/><\/p><p><span style=\"font-weight: 400;\">Adem\u00e1s, recabar la opini\u00f3n de los profesionales sanitarios sobre las estrategias y recomendaciones de comunicaci\u00f3n garantiza que empleemos los m\u00e9todos m\u00e1s eficaces para transmitir la informaci\u00f3n y atender las necesidades del trabajador.\u00a0<\/span><\/p><p><br \/><br \/><\/p><p><span style=\"font-weight: 400;\">Gracias a esta colaboraci\u00f3n, podemos optimizar la atenci\u00f3n del trabajador lesionado y facilitar un proceso de comunicaci\u00f3n fluido entre todas las partes implicadas.<\/span><\/p>\t\t\t\t\t\t\t\t<\/div>\n\t\t\t\t<\/div>\n\t\t\t\t<div class=\"elementor-element elementor-element-738e232 elementor-widget elementor-widget-spacer\" data-id=\"738e232\" data-element_type=\"widget\" data-e-type=\"widget\" data-widget_type=\"spacer.default\">\n\t\t\t\t<div class=\"elementor-widget-container\">\n\t\t\t\t\t\t\t<div class=\"elementor-spacer\">\n\t\t\t<div class=\"elementor-spacer-inner\"><\/div>\n\t\t<\/div>\n\t\t\t\t\t\t<\/div>\n\t\t\t\t<\/div>\n\t\t\t\t<div class=\"elementor-element elementor-element-fc20705 elementor-widget elementor-widget-heading\" data-id=\"fc20705\" data-element_type=\"widget\" data-e-type=\"widget\" data-widget_type=\"heading.default\">\n\t\t\t\t<div class=\"elementor-widget-container\">\n\t\t\t\t\t<div class=\"elementor-heading-title elementor-size-default\">Afrontar los retos y los conflictos<\/div>\t\t\t\t<\/div>\n\t\t\t\t<\/div>\n\t\t\t\t<div class=\"elementor-element elementor-element-9c3bd42 elementor-widget elementor-widget-text-editor\" data-id=\"9c3bd42\" data-element_type=\"widget\" data-e-type=\"widget\" data-widget_type=\"text-editor.default\">\n\t\t\t\t<div class=\"elementor-widget-container\">\n\t\t\t\t\t\t\t\t\t<p><span style=\"font-weight: 400;\">Abordar los retos y los conflictos es crucial a la hora de comunicarse con los trabajadores accidentados.\u00a0<\/span><\/p><p><br \/><br \/><\/p><p><span style=\"font-weight: 400;\">Si identificamos y abordamos de forma proactiva cualquier problema que pueda surgir durante el proceso de comunicaci\u00f3n, podemos evitar que se agraven los malentendidos o los conflictos.\u00a0<\/span><\/p><p><br \/><br \/><\/p><p><span style=\"font-weight: 400;\">Resolver eficazmente las disputas o los malentendidos mediante una comunicaci\u00f3n abierta y transparente es clave. En los casos m\u00e1s complejos, buscar la ayuda de profesionales jur\u00eddicos o de RRHH puede proporcionar una valiosa orientaci\u00f3n y apoyo para sortear situaciones de comunicaci\u00f3n dif\u00edciles.\u00a0<\/span><\/p><p>\u00a0<\/p><p><span style=\"font-weight: 400;\">Al adoptar un enfoque proactivo y de colaboraci\u00f3n, podemos garantizar que la comunicaci\u00f3n siga siendo constructiva, lo que nos permite superar los retos y mantener relaciones positivas con los trabajadores lesionados.<\/span><\/p>\t\t\t\t\t\t\t\t<\/div>\n\t\t\t\t<\/div>\n\t\t\t\t\t<\/div>\n\t\t<\/div>\n\t\t\t\t\t<\/div>\n\t\t<\/section>\n\t\t\t\t<section class=\"elementor-section elementor-top-section elementor-element elementor-element-31c22a2 elementor-section-boxed elementor-section-height-default elementor-section-height-default\" data-id=\"31c22a2\" data-element_type=\"section\" data-e-type=\"section\">\n\t\t\t\t\t\t<div class=\"elementor-container elementor-column-gap-default\">\n\t\t\t\t\t<div class=\"elementor-column elementor-col-100 elementor-top-column elementor-element elementor-element-cd5a6f9\" data-id=\"cd5a6f9\" data-element_type=\"column\" data-e-type=\"column\">\n\t\t\t<div class=\"elementor-widget-wrap elementor-element-populated\">\n\t\t\t\t\t\t<div class=\"elementor-element elementor-element-ceed8d9 elementor-widget elementor-widget-spacer\" data-id=\"ceed8d9\" data-element_type=\"widget\" data-e-type=\"widget\" data-widget_type=\"spacer.default\">\n\t\t\t\t<div class=\"elementor-widget-container\">\n\t\t\t\t\t\t\t<div class=\"elementor-spacer\">\n\t\t\t<div class=\"elementor-spacer-inner\"><\/div>\n\t\t<\/div>\n\t\t\t\t\t\t<\/div>\n\t\t\t\t<\/div>\n\t\t\t\t<div class=\"elementor-element elementor-element-594f616 elementor-widget elementor-widget-heading\" data-id=\"594f616\" data-element_type=\"widget\" data-e-type=\"widget\" data-widget_type=\"heading.default\">\n\t\t\t\t<div class=\"elementor-widget-container\">\n\t\t\t\t\t<h5 class=\"elementor-heading-title elementor-size-default\">Conclusi\u00f3n<\/h5>\t\t\t\t<\/div>\n\t\t\t\t<\/div>\n\t\t\t\t<div class=\"elementor-element elementor-element-e1ecd2e elementor-widget elementor-widget-text-editor\" data-id=\"e1ecd2e\" data-element_type=\"widget\" data-e-type=\"widget\" data-widget_type=\"text-editor.default\">\n\t\t\t\t<div class=\"elementor-widget-container\">\n\t\t\t\t\t\t\t\t\t<p><span style=\"font-weight: 400;\">En conclusi\u00f3n, la comunicaci\u00f3n eficaz desempe\u00f1a un papel fundamental en el apoyo a los trabajadores lesionados a lo largo de su proceso de recuperaci\u00f3n.\u00a0<\/span><\/p><p><br \/><br \/><\/p><p><span style=\"font-weight: 400;\">Escuchando con empat\u00eda sus preocupaciones, facilitando informaci\u00f3n clara y transparente, adaptando la comunicaci\u00f3n a las necesidades individuales y manteniendo actualizaciones peri\u00f3dicas, podemos fomentar un entorno de apoyo y confianza.\u00a0<\/span><\/p><p><br \/><br \/><\/p><p><span style=\"font-weight: 400;\">Tambi\u00e9n es esencial colaborar con los profesionales sanitarios y abordar los retos o conflictos de forma proactiva.\u00a0<\/span><\/p><p><br \/><br \/><\/p><p><span style=\"font-weight: 400;\">Es fundamental reconocer la importancia de una comunicaci\u00f3n eficaz para promover el bienestar y el \u00e9xito de la rehabilitaci\u00f3n de los trabajadores lesionados.\u00a0<\/span><\/p><p><br \/><br \/><\/p><p><span style=\"font-weight: 400;\">Animamos a poner en pr\u00e1ctica las estrategias y t\u00e9cnicas comentadas en este blog para mejorar los resultados de la comunicaci\u00f3n y garantizar una experiencia positiva tanto para los empresarios como para los trabajadores lesionados.<\/span><\/p>\t\t\t\t\t\t\t\t<\/div>\n\t\t\t\t<\/div>\n\t\t\t\t<div class=\"elementor-element elementor-element-8b67e86 elementor-widget elementor-widget-spacer\" data-id=\"8b67e86\" data-element_type=\"widget\" data-e-type=\"widget\" data-widget_type=\"spacer.default\">\n\t\t\t\t<div class=\"elementor-widget-container\">\n\t\t\t\t\t\t\t<div class=\"elementor-spacer\">\n\t\t\t<div class=\"elementor-spacer-inner\"><\/div>\n\t\t<\/div>\n\t\t\t\t\t\t<\/div>\n\t\t\t\t<\/div>\n\t\t\t\t\t<\/div>\n\t\t<\/div>\n\t\t\t\t\t<\/div>\n\t\t<\/section>\n\t\t\t\t<\/div>","protected":false},"excerpt":{"rendered":"<p>C\u00f3mo comunicarse eficazmente con los trabajadores lesionados Consejos para empresarios La comunicaci\u00f3n eficaz es crucial cuando se interact\u00faa con los trabajadores lesionados en el \u00e1mbito de la indemnizaci\u00f3n por accidente laboral.  Sirve como piedra angular para proporcionar apoyo esencial, abordar las preocupaciones y garantizar un proceso de recuperaci\u00f3n sin problemas.  En este blog, profundizaremos en la importancia de una comunicaci\u00f3n eficaz en ... <a href=\"https:\/\/peopaygo.com\/es\/2023\/06\/09\/how-to-communicate-effectively-with-injured-workers\/\">Contin\u00faa en<\/a><\/p>","protected":false},"author":3,"featured_media":10868,"comment_status":"closed","ping_status":"open","sticky":false,"template":"","format":"standard","meta":{"inline_featured_image":false,"footnotes":""},"categories":[21,26,23,20],"tags":[12],"class_list":["post-10863","post","type-post","status-publish","format-standard","has-post-thumbnail","hentry","category-employees","category-small-business","category-work-injuries","category-workers-comp","tag-workers-comp"],"aioseo_notices":[],"_links":{"self":[{"href":"https:\/\/peopaygo.com\/es\/wp-json\/wp\/v2\/posts\/10863","targetHints":{"allow":["GET"]}}],"collection":[{"href":"https:\/\/peopaygo.com\/es\/wp-json\/wp\/v2\/posts"}],"about":[{"href":"https:\/\/peopaygo.com\/es\/wp-json\/wp\/v2\/types\/post"}],"author":[{"embeddable":true,"href":"https:\/\/peopaygo.com\/es\/wp-json\/wp\/v2\/users\/3"}],"replies":[{"embeddable":true,"href":"https:\/\/peopaygo.com\/es\/wp-json\/wp\/v2\/comments?post=10863"}],"version-history":[{"count":13,"href":"https:\/\/peopaygo.com\/es\/wp-json\/wp\/v2\/posts\/10863\/revisions"}],"predecessor-version":[{"id":13940,"href":"https:\/\/peopaygo.com\/es\/wp-json\/wp\/v2\/posts\/10863\/revisions\/13940"}],"wp:featuredmedia":[{"embeddable":true,"href":"https:\/\/peopaygo.com\/es\/wp-json\/wp\/v2\/media\/10868"}],"wp:attachment":[{"href":"https:\/\/peopaygo.com\/es\/wp-json\/wp\/v2\/media?parent=10863"}],"wp:term":[{"taxonomy":"category","embeddable":true,"href":"https:\/\/peopaygo.com\/es\/wp-json\/wp\/v2\/categories?post=10863"},{"taxonomy":"post_tag","embeddable":true,"href":"https:\/\/peopaygo.com\/es\/wp-json\/wp\/v2\/tags?post=10863"}],"curies":[{"name":"wp","href":"https:\/\/api.w.org\/{rel}","templated":true}]}}